[{"command":"settings","settings":{"basePath":"\/","pathPrefix":"","ajaxPageState":{"theme":"bartik","theme_token":"SccFZEDLVbS93DmIhL6520-z_n-y6hcccqM5d_UtfHU"},"colorbox":{"opacity":"0.85","current":"{current} of {total}","previous":"\u00ab Prev","next":"Next \u00bb","close":"Close","maxWidth":"98%","maxHeight":"98%","fixed":true,"mobiledetect":true,"mobiledevicewidth":"480px","specificPagesDefaultValue":"admin*\nimagebrowser*\nimg_assist*\nimce*\nnode\/add\/*\nnode\/*\/edit\nprint\/*\nprintpdf\/*\nsystem\/ajax\nsystem\/ajax\/*"},"lightbox2":{"rtl":"0","file_path":"\/(\\w\\w\/)public:\/","default_image":"\/sites\/all\/modules\/lightbox2\/images\/brokenimage.jpg","border_size":10,"font_color":"000","box_color":"fff","top_position":"","overlay_opacity":"0.8","overlay_color":"000","disable_close_click":1,"resize_sequence":0,"resize_speed":400,"fade_in_speed":400,"slide_down_speed":600,"use_alt_layout":0,"disable_resize":0,"disable_zoom":0,"force_show_nav":0,"show_caption":1,"loop_items":1,"node_link_text":"View Image Details","node_link_target":0,"image_count":"Image !current of !total","video_count":"Video !current of !total","page_count":"Page !current of !total","lite_press_x_close":"press \u003Ca href=\u0022#\u0022 onclick=\u0022hideLightbox(); return FALSE;\u0022\u003E\u003Ckbd\u003Ex\u003C\/kbd\u003E\u003C\/a\u003E to close","download_link_text":"","enable_login":true,"enable_contact":false,"keys_close":"c x 27","keys_previous":"p 37","keys_next":"n 39","keys_zoom":"z","keys_play_pause":"32","display_image_size":"original","image_node_sizes":"()","trigger_lightbox_classes":"","trigger_lightbox_group_classes":"","trigger_slideshow_classes":"","trigger_lightframe_classes":"","trigger_lightframe_group_classes":"","custom_class_handler":0,"custom_trigger_classes":"","disable_for_gallery_lists":true,"disable_for_acidfree_gallery_lists":true,"enable_acidfree_videos":true,"slideshow_interval":5000,"slideshow_automatic_start":true,"slideshow_automatic_exit":true,"show_play_pause":true,"pause_on_next_click":false,"pause_on_previous_click":true,"loop_slides":false,"iframe_width":600,"iframe_height":400,"iframe_border":1,"enable_video":1,"useragent":"Mozilla\/5.0 AppleWebKit\/537.36 (KHTML, like Gecko; compatible; ClaudeBot\/1.0; +claudebot@anthropic.com)","flvPlayer":"\/flvplayer.swf","flvFlashvars":""},"custom_search":{"form_target":"_self","solr":0}},"merge":true},{"command":"insert","method":"replaceWith","selector":"#node-825","data":"\u003Cdiv id=\u0022node-825\u0022 class=\u0022node node-evenement node-promoted clearfix\u0022\u003E\n\n        \u003Ch2\u003E\n      \u003Ca href=\u0022\/les-programmations\/spectacle\/jeune-public\/deux-mimes-en-fuite\u0022\u003EDeux m\u00eemes en fuite\u003C\/a\u003E\n    \u003C\/h2\u003E\n    \n      \u003Cdiv class=\u0022meta submitted\u0022\u003E\n            Soumis par \u003Cspan class=\u0022username\u0022\u003EAnonyme (non v\u00e9rifi\u00e9)\u003C\/span\u003E le mer, 01\/22\/2025 - 10:22    \u003C\/div\u003E\n  \n  \u003Cdiv class=\u0022content clearfix\u0022\u003E\n    \u003Cdiv class=\u0022field field-name-field-type-devenement field-type-taxonomy-term-reference field-label-above clearfix\u0022\u003E\u003Ch3 class=\u0022field-label\u0022\u003EType d\u0026#039;\u00e9v\u00e8nement: \u003C\/h3\u003E\u003Cul class=\u0022links\u0022\u003E\u003Cli class=\u0022taxonomy-term-reference-0\u0022\u003E\u003Cspan class=\u0022lineage-item lineage-item-level-0\u0022\u003ESpectacle\u003C\/span\u003E\u003Cspan class=\u0022hierarchical-select-item-separator\u0022\u003E\u203a\u003C\/span\u003E\u003Cspan class=\u0022lineage-item lineage-item-level-1\u0022\u003EJeune public\u003C\/span\u003E\u003C\/li\u003E\u003C\/ul\u003E\u003C\/div\u003E\u003Cdiv class=\u0022field field-name-field-image field-type-image field-label-hidden\u0022\u003E\u003Cdiv class=\u0022field-items\u0022\u003E\u003Cdiv class=\u0022field-item even\u0022\u003E\u003Cimg src=\u0022https:\/\/arcade-gravenchon.com\/sites\/default\/files\/1\/supp-arcade.jpg\u0022 width=\u00222000\u0022 height=\u0022900\u0022 alt=\u0022\u0022 \/\u003E\u003C\/div\u003E\u003C\/div\u003E\u003C\/div\u003E\u003Cdiv class=\u0022field field-name-field-date-evenement field-type-datetime field-label-above\u0022\u003E\u003Cdiv class=\u0022field-label\u0022\u003EDate de l\u0026#039;\u00e9v\u00e8nement:\u0026nbsp;\u003C\/div\u003E\u003Cdiv class=\u0022field-items\u0022\u003E\u003Cdiv class=\u0022field-item even\u0022\u003E\u003Cspan class=\u0022date-display-single\u0022\u003EMercredi, f\u00e9vrier 12, 2025 - 15:00\u003C\/span\u003E\u003C\/div\u003E\u003C\/div\u003E\u003C\/div\u003E\u003Cdiv class=\u0022field field-name-field-prix field-type-text field-label-above\u0022\u003E\u003Cdiv class=\u0022field-label\u0022\u003EPrix:\u0026nbsp;\u003C\/div\u003E\u003Cdiv class=\u0022field-items\u0022\u003E\u003Cdiv class=\u0022field-item even\u0022\u003E6,00 \u20ac\u003C\/div\u003E\u003C\/div\u003E\u003C\/div\u003E\u003Cdiv class=\u0022field field-name-field-reservation field-type-url field-label-above\u0022\u003E\u003Cdiv class=\u0022field-label\u0022\u003ER\u00e9servation:\u0026nbsp;\u003C\/div\u003E\u003Cdiv class=\u0022field-items\u0022\u003E\u003Cdiv class=\u0022field-item even\u0022\u003E\u003Ca href=\u0022https:\/\/www.seetickets.com\/fr\/d\/event\/rovers-deux-mimes-en-fuite\/a-r-c-a-d-e-\/10962401\u0022\u003EAcheter\u003C\/a\u003E\u003C\/div\u003E\u003C\/div\u003E\u003C\/div\u003E\u003Cdiv class=\u0022field field-name-field-texte field-type-text-long field-label-above\u0022\u003E\u003Cdiv class=\u0022field-label\u0022\u003ETexte de pr\u00e9sentation:\u0026nbsp;\u003C\/div\u003E\u003Cdiv class=\u0022field-items\u0022\u003E\u003Cdiv class=\u0022field-item even\u0022\u003E\u003Cp class=\u0022rtejustify\u0022\u003EDeux mimes au style de vie\u00a0non-conventionnel, aussi attachantes que maladroites, sont en fuite parce qu\u2019elles n\u2019ont pas paye\u0301 leur loyer.\u003C\/p\u003E\n\u003Ctable align=\u0022center\u0022 border=\u00220\u0022 cellpadding=\u00220\u0022 cellspacing=\u00220\u0022 style=\u0022width:100%\u0022\u003E\n\u003Ctbody\u003E\n\u003Ctr\u003E\n\u003Ctd\u003E\u00a0\u003C\/td\u003E\n\u003C\/tr\u003E\n\u003C\/tbody\u003E\n\u003C\/table\u003E\n\u003Cdiv class=\u0022media_embed\u0022 height=\u0022300px\u0022 width=\u0022100%\u0022\u003E\n\u003Ciframe allow=\u0022accelerometer; autoplay; clipboard-write; encrypted-media; gyroscope; picture-in-picture; web-share\u0022 allowfullscreen=\u0022\u0022 frameborder=\u00220\u0022 height=\u0022300px\u0022 referrerpolicy=\u0022strict-origin-when-cross-origin\u0022 src=\u0022https:\/\/www.youtube.com\/embed\/cc48HKCkAkc?si=USESTbc7rGwUS1V0\u0022 title=\u0022YouTube video player\u0022 width=\u0022100%\u0022\u003E\u003C\/iframe\u003E\u003C\/div\u003E\n\u003Ctable align=\u0022center\u0022 border=\u00220\u0022 cellpadding=\u00220\u0022 cellspacing=\u00220\u0022 style=\u0022width:100%\u0022\u003E\n\u003Ctbody\u003E\n\u003Ctr\u003E\n\u003Ctd\u003E\u00a0\u003C\/td\u003E\n\u003C\/tr\u003E\n\u003C\/tbody\u003E\n\u003C\/table\u003E\n\u003Cdiv class=\u0022rtejustify\u0022\u003E\n\u003Cp\u003EElles sont pousuivies par leur tr\u00e8s dangereux propri\u00e9taire Monsieur Richmond et son chien Jackpot ! Celui-ci a engag\u00e9 le c\u00e9l\u00e8bre d\u00e9tective Lorenzo Benedicto pour les retrouver. Avec l\u2019aide de Trudy la serveuse, Verr va tenter, avant de quitter la ville, de faire sa\u00a0d\u00e9claration d\u2019amour\u00a0\u00e0 Suzie, la chanteuse du club de jazz\u2026\u003Cbr \/\u003E\nLe duo dynamique, Ro et Verr, emme\u0300ne le public dans une histoire rocambolesque peupl\u00e9e d\u2019une galerie de personnages dr\u00f4les et improbables.\u003Cbr \/\u003E\nLeur voyage he\u0301roi\u0308que ce\u0301l\u00e8bre les capacite\u0301s dynamiques du mime et de la narration physique et pose la question de\u00a0la place de l\u2019imagniaire\u00a0et du r\u00eave dans notre vie.\u003Cbr \/\u003E\nLes deux artistes sont accompagn\u00e9es par un percussionniste qui va jouer le r\u00f4le de narrateur, de bruiteur et de musicien.\u003Cbr \/\u003E\n\u00ab\u00a0Rovers\u00a0\u00bb est un spectacle familial, fantaisiste\u00a0et particuli\u00e8rement original dans lequel se m\u00e9langent\u00a0mimes, humour,\u00a0th\u00e9\u00e2tre\u00a0et\u00a0musique\u00a0en live.\u003C\/p\u003E\n\u003Cp\u003E\u003Cstrong\u003EDur\u00e9e : 1 heure\u003Cbr \/\u003E\n\u00c0 partir de 6 ans\u003C\/strong\u003E\u003Cbr \/\u003E\n\u00a0\u003C\/p\u003E\n\u003Ctable align=\u0022center\u0022 border=\u00220\u0022 cellpadding=\u00220\u0022 cellspacing=\u00220\u0022 style=\u0022width:100%\u0022\u003E\n\u003Ctbody\u003E\n\u003Ctr\u003E\n\u003Ctd\u003E\u00a0\u003C\/td\u003E\n\u003C\/tr\u003E\n\u003C\/tbody\u003E\n\u003C\/table\u003E\n\u003Cdiv\u003E\n\u003Ctable align=\u0022left\u0022 border=\u00220\u0022 cellpadding=\u00220\u0022 cellspacing=\u00220\u0022 style=\u0022align-items:center; background:linear-gradient(40deg, #45b649, #dce35b); border-radius:10mm; display:flex; width:100%\u0022\u003E\n\u003Ctbody\u003E\n\u003Ctr\u003E\n\u003Ctd\u003E\u003Cimg alt=\u0022Billets sur smartphone\u0022 dir=\u0022ltr\u0022 src=\u0022https:\/\/mcusercontent.com\/d1da565701a451c265ea2cbae\/images\/060fa3d7-a51f-4e31-9612-11e8737bdfe6.png\u0022 style=\u0022border-radius:0mm 0mm 0mm 10mm; float:left; height:100px; width:100px\u0022 \/\u003E\u003C\/td\u003E\n\u003Ctd style=\u0022text-align:left; vertical-align:middle\u0022\u003E\u003Cspan style=\u0022font-size:12px\u0022\u003E\u003Cspan style=\u0022color:#ffffff\u0022\u003EOptez pour l\u0027approche \u00e9cologique en pr\u00e9sentant vos billets sur smartphone.\u003Cbr \/\u003E\n\t\t\tEt pour briller, pensez \u00e0 ajustez la luminosit\u00e9.\u003C\/span\u003E\u003C\/span\u003E\u003C\/td\u003E\n\u003C\/tr\u003E\n\u003C\/tbody\u003E\n\u003C\/table\u003E\n\u003Cp\u003E\u00a0\u003C\/p\u003E\u003C\/div\u003E\n\u003Ctable align=\u0022center\u0022 border=\u00220\u0022 cellpadding=\u00220\u0022 cellspacing=\u00220\u0022 style=\u0022width:100%\u0022\u003E\n\u003Ctbody\u003E\n\u003Ctr\u003E\n\u003Ctd\u003E\u00a0\u003C\/td\u003E\n\u003C\/tr\u003E\n\u003C\/tbody\u003E\n\u003C\/table\u003E\n\u003Cdiv\u003E\n\u003Ctable align=\u0022left\u0022 border=\u00220\u0022 cellpadding=\u00220\u0022 cellspacing=\u00220\u0022 style=\u0022align-items:center; background:linear-gradient(40deg, #2F80ED, #56CCF2); border-radius:10mm; display:flex; height:50px; width:100%\u0022\u003E\n\u003Ctbody\u003E\n\u003Ctr\u003E\n\u003Ctd style=\u0022width:15px\u0022\u003E\u00a0\u003C\/td\u003E\n\u003Ctd style=\u0022width:200px\u0022\u003E\u003Cstrong\u003E\u003Cspan style=\u0022color:#ffffff\u0022\u003EPR\u00c9VENTE ADH\u00c9RENTS\u003C\/span\u003E\u003C\/strong\u003E\u003C\/td\u003E\n\u003Ctd style=\u0022text-align:left; vertical-align:middle\u0022\u003E\u003Cspan style=\u0022color:#ffffff\u0022\u003E\u003Cspan style=\u0022font-size:22px\u0022\u003E6,00 \u20ac\u003C\/span\u003E\u003C\/span\u003E\u003C\/td\u003E\n\u003C\/tr\u003E\n\u003C\/tbody\u003E\n\u003C\/table\u003E\n\u003Ctable align=\u0022center\u0022 border=\u00220\u0022 cellpadding=\u00220\u0022 cellspacing=\u00220\u0022 style=\u0022width:100%\u0022\u003E\n\u003Ctbody\u003E\n\u003Ctr\u003E\n\u003Ctd\u003E\u00a0\u003C\/td\u003E\n\u003C\/tr\u003E\n\u003C\/tbody\u003E\n\u003C\/table\u003E\n\u003Cdiv\u003E\n\u003Ctable align=\u0022left\u0022 border=\u00220\u0022 cellpadding=\u00220\u0022 cellspacing=\u00220\u0022 style=\u0022align-items:center; background:linear-gradient(40deg, #2F80ED, #56CCF2); border-radius:10mm; display:flex; height:50px; width:100%\u0022\u003E\n\u003Ctbody\u003E\n\u003Ctr\u003E\n\u003Ctd style=\u0022width:15px\u0022\u003E\u00a0\u003C\/td\u003E\n\u003Ctd style=\u0022width:200px\u0022\u003E\u003Cstrong\u003E\u003Cspan style=\u0022color:#ffffff\u0022\u003EPR\u00c9VENTE TOUT PUBLIC\u003C\/span\u003E\u003C\/strong\u003E\u003C\/td\u003E\n\u003Ctd style=\u0022text-align:left; vertical-align:middle\u0022\u003E\u003Cspan style=\u0022color:#ffffff\u0022\u003E\u003Cspan style=\u0022font-size:22px\u0022\u003E6,00 \u20ac\u003C\/span\u003E\u003C\/span\u003E\u003C\/td\u003E\n\u003C\/tr\u003E\n\u003C\/tbody\u003E\n\u003C\/table\u003E\n\u003C\/div\u003E\n\u003C\/div\u003E\n\u003Ctable align=\u0022center\u0022 border=\u00220\u0022 cellpadding=\u00220\u0022 cellspacing=\u00220\u0022 style=\u0022width:100%\u0022\u003E\n\u003Ctbody\u003E\n\u003Ctr\u003E\n\u003Ctd\u003E\u00a0\u003C\/td\u003E\n\u003C\/tr\u003E\n\u003C\/tbody\u003E\n\u003C\/table\u003E\n\u003Cdiv\u003E\n\u003Ctable align=\u0022left\u0022 border=\u00220\u0022 cellpadding=\u00220\u0022 cellspacing=\u00220\u0022 style=\u0022align-items:center; background:linear-gradient(40deg, #2F80ED, #56CCF2); border-radius:10mm; display:flex; height:50px; width:100%\u0022\u003E\n\u003Ctbody\u003E\n\u003Ctr\u003E\n\u003Ctd style=\u0022width:15px\u0022\u003E\u00a0\u003C\/td\u003E\n\u003Ctd style=\u0022width:200px\u0022\u003E\u003Cspan style=\u0022color:#ffffff\u0022\u003E\u003Cstrong\u003ELE JOUR M\u00caME\u003C\/strong\u003E\u003C\/span\u003E\u003C\/td\u003E\n\u003Ctd style=\u0022text-align:left; vertical-align:middle\u0022\u003E\u003Cspan style=\u0022color:#ffffff\u0022\u003E\u003Cspan style=\u0022font-size:22px\u0022\u003E6,00 \u20ac\u003C\/span\u003E\u003C\/span\u003E\u003C\/td\u003E\n\u003C\/tr\u003E\n\u003C\/tbody\u003E\n\u003C\/table\u003E\n\u003C\/div\u003E\n\u003Cp\u003E\u00a0\u003C\/p\u003E\n\u003Ctable align=\u0022center\u0022 border=\u00220\u0022 cellpadding=\u00221\u0022 cellspacing=\u00221\u0022 style=\u0022width:100%\u0022\u003E\n\u003Ctbody\u003E\n\u003Ctr\u003E\n\u003Ctd\u003E\u00a0\u003C\/td\u003E\n\u003C\/tr\u003E\n\u003C\/tbody\u003E\n\u003C\/table\u003E\n\u003Cp\u003E\u003Cspan style=\u0022color:#a9a9a9\u0022\u003E\u003Cspan style=\u0022font-size:10px\u0022\u003EL\u0027achat de billets en ligne peut \u00eatre sujet \u00e0 des frais suppl\u00e9mentaires ind\u00e9pendants de notre volont\u00e9, appliqu\u00e9s par le prestataire de services. Le tarif adh\u00e9rent s\u0027applique exclusivement \u00e0 l\u0027accueil de l\u0027association et avant la date du concert, sur pr\u00e9sentation d\u0027une carte membre de l\u0027A.R.C.A.D.E., de la Rotonde (Terres-de-Caux), de Juliobona (Lillebonne), ou de la Fabrik \u00e0 Sons (Bolbec). L\u0027achat des billets directement \u00e0 l\u0027accueil de l\u0027association, avant la date du spectacle, est exempt de frais suppl\u00e9mentaires.\u003C\/span\u003E\u003C\/span\u003E\u003C\/p\u003E\n\u003C\/div\u003E\n\u003C\/div\u003E\u003C\/div\u003E\u003C\/div\u003E\u003Cdiv class=\u0022field field-name-field-texte-compl field-type-text-long field-label-above\u0022\u003E\u003Cdiv class=\u0022field-label\u0022\u003ETexte compl\u00e9mentaire:\u0026nbsp;\u003C\/div\u003E\u003Cdiv class=\u0022field-items\u0022\u003E\u003Cdiv class=\u0022field-item even\u0022\u003E\u003Cp\u003E\u003Cspan style=\u0022color:#2f80ed\u0022\u003E\u003Cstrong\u003EL\u0027ouverture des portes se fait \u00e0 14h30.\u003C\/strong\u003E\u003C\/span\u003E\u003Cbr \/\u003E\nNous vous invitons \u00e0 \u00eatre pr\u00e9sent un petit peu avant le d\u00e9but du spectacle pour faciliter et fluidifier les entr\u00e9es dans la salle.\u003Cbr \/\u003E\nRassurez-vous, il n\u2019est pas n\u00e9cessaire d\u2019arriver avant cette heure. M\u00eame au dernier rang, la vue est superbe.\u003C\/p\u003E\n\u003Cp\u003E\u003Cspan style=\u0022color:#2f80ed\u0022\u003E\u003Cstrong\u003EJe suis en retard, que se passe-t-il ?\u003C\/strong\u003E\u003C\/span\u003E\u003Cbr \/\u003E\nEn cas de retard de votre part, sachez que nos portes restent ouvertes pendant 15 minutes, \u00e0 partir de l\u2019ouverture des portes.\u003Cbr \/\u003E\nAu-del\u00e0, sauf indication contraire par les \u00e9quipes d\u2019accueil sur place, il ne sera plus possible d\u2019acc\u00e9der \u00e0 la soir\u00e9e.\u003C\/p\u003E\n\u003Cp\u003E\u003Cspan style=\u0022color:#2f80ed\u0022\u003E\u003Cstrong\u003EL\u0027\u00e9v\u00e9nement est report\u00e9, que faire ?\u003C\/strong\u003E\u003C\/span\u003E\u003Cbr \/\u003E\nDans la plupart des cas, les billets restent valables pour la nouvelle date. Nous le pr\u00e9cisons lors de l\u2019annonce du report.\u003Cbr \/\u003E\nEn cas de doute, nous sommes disponibles pour r\u00e9pondre \u00e0 toutes vos questions.\u003C\/p\u003E\n\u003C\/div\u003E\u003C\/div\u003E\u003C\/div\u003E\u003Cdiv class=\u0022social-share clearfix\u0022\u003E\u003Cul\u003E\u003Cli class=\u0022social-share-item-facebook first\u0022\u003E\u003Ca href=\u0022http:\/\/facebook.com\/sharer.php?u=https%3A%2F%2Farcade-gravenchon.com%2Fles-programmations%2Fspectacle%2Fjeune-public%2Fdeux-mimes-en-fuite\u0026amp;t=Deux%20m%C3%AEmes%20en%20fuite\u0022 class=\u0022social-share-facebook\u0022 title=\u0022Partager sur Facebook\u0022 target=\u0022_blank\u0022\u003EFacebook\u003C\/a\u003E\u003C\/li\u003E\n\u003Cli class=\u0022social-share-item-googleplus\u0022\u003E\u003Ca href=\u0022https:\/\/plus.google.com\/share?url=https%3A%2F%2Farcade-gravenchon.com%2Fles-programmations%2Fspectacle%2Fjeune-public%2Fdeux-mimes-en-fuite\u0022 class=\u0022social-share-googleplus\u0022 title=\u0022Partager sur Google Plus\u0022 target=\u0022_blank\u0022\u003EGoogle Plus\u003C\/a\u003E\u003C\/li\u003E\n\u003Cli class=\u0022social-share-item-twitter last\u0022\u003E\u003Ca href=\u0022http:\/\/twitter.com\/intent\/tweet?url=https%3A%2F%2Farcade-gravenchon.com%2Fles-programmations%2Fspectacle%2Fjeune-public%2Fdeux-mimes-en-fuite\u0026amp;text=Deux%20m%C3%AEmes%20en%20fuite\u0022 class=\u0022social-share-twitter\u0022 title=\u0022Partager sur Twitter\u0022 target=\u0022_blank\u0022\u003ETwitter\u003C\/a\u003E\u003C\/li\u003E\n\u003C\/ul\u003E\u003C\/div\u003E  \u003C\/div\u003E\n\n      \u003Cdiv class=\u0022link-wrapper\u0022\u003E\n      \u003Cul class=\u0022links inline\u0022\u003E\u003Cli class=\u0022node-readless first last\u0022\u003E\u003Ca href=\u0022\/more\/node\/825\/teaser\u0022 class=\u0022use-ajax\u0022\u003ERead less\u003C\/a\u003E\u003C\/li\u003E\n\u003C\/ul\u003E    \u003C\/div\u003E\n  \n  \n\u003C\/div\u003E","settings":null},{"command":"invoke","selector":"#node-825","method":"addClass","arguments":["more-load node-teaser"]},{"command":"readmore_ajax","speed":350}]