[{"command":"settings","settings":{"basePath":"\/","pathPrefix":"","ajaxPageState":{"theme":"bartik","theme_token":"fcwPHFjnLLzjkv9QmOaQpAHhYR1sCzt-Vw_4euZIeDg"},"colorbox":{"opacity":"0.85","current":"{current} of {total}","previous":"\u00ab Prev","next":"Next \u00bb","close":"Close","maxWidth":"98%","maxHeight":"98%","fixed":true,"mobiledetect":true,"mobiledevicewidth":"480px","specificPagesDefaultValue":"admin*\nimagebrowser*\nimg_assist*\nimce*\nnode\/add\/*\nnode\/*\/edit\nprint\/*\nprintpdf\/*\nsystem\/ajax\nsystem\/ajax\/*"},"lightbox2":{"rtl":"0","file_path":"\/(\\w\\w\/)public:\/","default_image":"\/sites\/all\/modules\/lightbox2\/images\/brokenimage.jpg","border_size":10,"font_color":"000","box_color":"fff","top_position":"","overlay_opacity":"0.8","overlay_color":"000","disable_close_click":1,"resize_sequence":0,"resize_speed":400,"fade_in_speed":400,"slide_down_speed":600,"use_alt_layout":0,"disable_resize":0,"disable_zoom":0,"force_show_nav":0,"show_caption":1,"loop_items":1,"node_link_text":"View Image Details","node_link_target":0,"image_count":"Image !current of !total","video_count":"Video !current of !total","page_count":"Page !current of !total","lite_press_x_close":"press \u003Ca href=\u0022#\u0022 onclick=\u0022hideLightbox(); return FALSE;\u0022\u003E\u003Ckbd\u003Ex\u003C\/kbd\u003E\u003C\/a\u003E to close","download_link_text":"","enable_login":true,"enable_contact":false,"keys_close":"c x 27","keys_previous":"p 37","keys_next":"n 39","keys_zoom":"z","keys_play_pause":"32","display_image_size":"original","image_node_sizes":"()","trigger_lightbox_classes":"","trigger_lightbox_group_classes":"","trigger_slideshow_classes":"","trigger_lightframe_classes":"","trigger_lightframe_group_classes":"","custom_class_handler":0,"custom_trigger_classes":"","disable_for_gallery_lists":true,"disable_for_acidfree_gallery_lists":true,"enable_acidfree_videos":true,"slideshow_interval":5000,"slideshow_automatic_start":true,"slideshow_automatic_exit":true,"show_play_pause":true,"pause_on_next_click":false,"pause_on_previous_click":true,"loop_slides":false,"iframe_width":600,"iframe_height":400,"iframe_border":1,"enable_video":1,"useragent":"Mozilla\/5.0 AppleWebKit\/537.36 (KHTML, like Gecko; compatible; ClaudeBot\/1.0; +claudebot@anthropic.com)","flvPlayer":"\/flvplayer.swf","flvFlashvars":""},"custom_search":{"form_target":"_self","solr":0}},"merge":true},{"command":"insert","method":"replaceWith","selector":"#node-815","data":"\u003Cdiv id=\u0022node-815\u0022 class=\u0022node node-evenement node-promoted clearfix\u0022\u003E\n\n        \u003Ch2\u003E\n      \u003Ca href=\u0022\/les-programmations\/festival\/jeux\/les-ludiques-0\u0022\u003ELes Ludiques\u003C\/a\u003E\n    \u003C\/h2\u003E\n    \n      \u003Cdiv class=\u0022meta submitted\u0022\u003E\n            Soumis par \u003Cspan class=\u0022username\u0022\u003EAnonyme (non v\u00e9rifi\u00e9)\u003C\/span\u003E le dim, 11\/17\/2024 - 19:59    \u003C\/div\u003E\n  \n  \u003Cdiv class=\u0022content clearfix\u0022\u003E\n    \u003Cdiv class=\u0022field field-name-field-type-devenement field-type-taxonomy-term-reference field-label-above clearfix\u0022\u003E\u003Ch3 class=\u0022field-label\u0022\u003EType d\u0026#039;\u00e9v\u00e8nement: \u003C\/h3\u003E\u003Cul class=\u0022links\u0022\u003E\u003Cli class=\u0022taxonomy-term-reference-0\u0022\u003E\u003Cspan class=\u0022lineage-item lineage-item-level-0\u0022\u003EFestival\u003C\/span\u003E\u003Cspan class=\u0022hierarchical-select-item-separator\u0022\u003E\u203a\u003C\/span\u003E\u003Cspan class=\u0022lineage-item lineage-item-level-1\u0022\u003EJeux\u003C\/span\u003E\u003C\/li\u003E\u003C\/ul\u003E\u003C\/div\u003E\u003Cdiv class=\u0022field field-name-field-image field-type-image field-label-hidden\u0022\u003E\u003Cdiv class=\u0022field-items\u0022\u003E\u003Cdiv class=\u0022field-item even\u0022\u003E\u003Cimg src=\u0022https:\/\/arcade-gravenchon.com\/sites\/default\/files\/1\/lesludiques-web.jpg\u0022 width=\u00221600\u0022 height=\u0022900\u0022 alt=\u0022A.R.C.A.D.E. \u2022 Les Ludiques \u2022 Port-J\u00e9r\u00f4me-sur-Seine \u2022 PJ2S\u0022 title=\u0022A.R.C.A.D.E. \u2022 Les Ludiques \u2022 Port-J\u00e9r\u00f4me-sur-Seine \u2022 PJ2S\u0022 \/\u003E\u003C\/div\u003E\u003C\/div\u003E\u003C\/div\u003E\u003Cdiv class=\u0022field field-name-field-date-evenement field-type-datetime field-label-above\u0022\u003E\u003Cdiv class=\u0022field-label\u0022\u003EDate de l\u0026#039;\u00e9v\u00e8nement:\u0026nbsp;\u003C\/div\u003E\u003Cdiv class=\u0022field-items\u0022\u003E\u003Cdiv class=\u0022field-item even\u0022\u003E\u003Cspan class=\u0022date-display-single\u0022\u003EVendredi, d\u00e9cembre 13, 2024 - 18:00\u003C\/span\u003E\u003C\/div\u003E\u003C\/div\u003E\u003C\/div\u003E\u003Cdiv class=\u0022field field-name-field-prix field-type-text field-label-above\u0022\u003E\u003Cdiv class=\u0022field-label\u0022\u003EPrix:\u0026nbsp;\u003C\/div\u003E\u003Cdiv class=\u0022field-items\u0022\u003E\u003Cdiv class=\u0022field-item even\u0022\u003EGratuit\u003C\/div\u003E\u003C\/div\u003E\u003C\/div\u003E\u003Cdiv class=\u0022field field-name-field-texte field-type-text-long field-label-above\u0022\u003E\u003Cdiv class=\u0022field-label\u0022\u003ETexte de pr\u00e9sentation:\u0026nbsp;\u003C\/div\u003E\u003Cdiv class=\u0022field-items\u0022\u003E\u003Cdiv class=\u0022field-item even\u0022\u003E\u003Cp\u003EUn saut dans le pass\u00e9, un bond vers la magie\u2026 Le meilleur des festivals arrive dans quelques jours !\u003Cbr \/\u003E\nLa 18e \u00e9dition du festival du jeu sous toutes ses formes \u00ab Les Ludiques \u00bb arrive \u00e0 Port-J\u00e9r\u00f4me-sur-Seine (ou Notre Dame de Gravenchon pour les plus nostalgiques) du 13 au 15 d\u00e9cembre 2024 et cette ann\u00e9e, c\u2019est un \u00e9v\u00e9nement \u00e0 ne rater sous aucun pr\u00e9texte pour marquer les 25 ans de l\u2019A.R.C.A.D.E. en simultan\u00e9.\u003Cbr \/\u003E\nPendant trois jours, vivez une exp\u00e9rience unique, 100% gratuite, ouverte \u00e0 tous et pour tous les \u00e2ges. Jeux vid\u00e9o r\u00e9tros, flippers, jeux de soci\u00e9t\u00e9, mini-golf, bowling et bien plus encore vous attendent pour faire revivre les souvenirs d\u2019enfance et ravir les plus jeunes. On ressort les cartes Pok\u00e9mon, les Tamagotchis et les Barbies pour se replonger dans cette \u00e9poque o\u00f9 la magie du jeu se trouvait dans la simplicit\u00e9.\u003Cbr \/\u003E\nDes jeux vid\u00e9o classiques comme FIFA, Mario Kart, Just Dance, mais aussi des jeux en bois traditionnels, de la R\u00e9alit\u00e9 Virtuelle, des d\u00e9ambulations, du maquillage et des spectacles dans tous les coins feront de ce week-end un moment inoubliable. Et pour les tout petits, un espace a \u00e9t\u00e9 am\u00e9nag\u00e9 pour qu\u2019eux aussi puissent profiter pleinement de l\u2019\u00e9v\u00e9nement.\u003Cbr \/\u003E\nAlors, pr\u00e9parez vos manettes, vos cartes et vos sourires et venez f\u00eater avec nous ce quart de si\u00e8cle de passion et de partage autour du jeu.\u003Cbr \/\u003E\n\u00c0 tr\u00e8s vite \u00e0 l\u2019A.R.C.A.D.E. !\u003C\/p\u003E\n\u003Cp\u003E\u2022\u2022\u2022\u2022\u2022\u2022\u2022\u2022\u2022\u2022\u2022\u2022\u2022\u2022\u2022\u2022\u2022\u2022\u2022\u2022\u2022\u2022\u2022\u2022\u2022\u2022\u2022\u2022\u2022\u2022\u2022\u2022\u2022\u2022\u2022\u2022\u2022\u2022\u003Cbr \/\u003E\nVendredi 13 D\u00e9cembre\u003Cbr \/\u003E\n\u2022\u2022\u2022\u2022\u2022\u2022\u2022\u2022\u2022\u2022\u2022\u2022\u2022\u2022\u2022\u2022\u2022\u2022\u2022\u2022\u2022\u2022\u2022\u2022\u2022\u2022\u2022\u2022\u2022\u2022\u2022\u2022\u2022\u2022\u2022\u2022\u2022\u2022\u003Cbr \/\u003E\n18:00 \u2192 Ouverture des portes\u003Cbr \/\u003E\n21:00 \u2192 Kara\u0027Okay (Un Karaok\u00e9, okay, mais accompagn\u00e9 par un groupe live)\u003Cbr \/\u003E\n00:00 \u2192 Fermeture des portes\u003Cbr \/\u003E\n\u003Cstrong\u003ESnack disponible sur place\u003C\/strong\u003E\u003C\/p\u003E\n\u003Cp\u003E\u2022\u2022\u2022\u2022\u2022\u2022\u2022\u2022\u2022\u2022\u2022\u2022\u2022\u2022\u2022\u2022\u2022\u2022\u2022\u2022\u2022\u2022\u2022\u2022\u2022\u2022\u2022\u2022\u2022\u2022\u2022\u2022\u2022\u2022\u2022\u2022\u2022\u2022\u003Cbr \/\u003E\nSamedi 14 D\u00e9cembre\u003Cbr \/\u003E\n\u2022\u2022\u2022\u2022\u2022\u2022\u2022\u2022\u2022\u2022\u2022\u2022\u2022\u2022\u2022\u2022\u2022\u2022\u2022\u2022\u2022\u2022\u2022\u2022\u2022\u2022\u2022\u2022\u2022\u2022\u2022\u2022\u2022\u2022\u2022\u2022\u2022\u2022\u003Cbr \/\u003E\n14:00 \u2192 Ouverture des portes\u003Cbr \/\u003E\n21:00 \u2192 Cabaret ann\u00e9es 60\u003Cbr \/\u003E\n00:00 \u2192 Fermeture des portes\u003Cbr \/\u003E\n\u003Cstrong\u003ESnack disponible sur place\u003C\/strong\u003E\u003C\/p\u003E\n\u003Cp\u003E\u2022\u2022\u2022\u2022\u2022\u2022\u2022\u2022\u2022\u2022\u2022\u2022\u2022\u2022\u2022\u2022\u2022\u2022\u2022\u2022\u2022\u2022\u2022\u2022\u2022\u2022\u2022\u2022\u2022\u2022\u2022\u2022\u2022\u2022\u2022\u2022\u2022\u2022\u003Cbr \/\u003E\n\u00a0Dimanche 15 D\u00e9cembre\u003Cbr \/\u003E\n\u2022\u2022\u2022\u2022\u2022\u2022\u2022\u2022\u2022\u2022\u2022\u2022\u2022\u2022\u2022\u2022\u2022\u2022\u2022\u2022\u2022\u2022\u2022\u2022\u2022\u2022\u2022\u2022\u2022\u2022\u2022\u2022\u2022\u2022\u2022\u2022\u2022\u2022\u003Cbr \/\u003E\n14:00 \u2192 Ouverture des portes\u003Cbr \/\u003E\n15:00 \u2192 Au lit Molie (Jeune Public)\u003Cbr \/\u003E\n18:00 \u2192 Fermeture du festival\u003Cbr \/\u003E\n\u003Cstrong\u003ESnack disponible sur place\u003C\/strong\u003E\u003C\/p\u003E\n\u003C\/div\u003E\u003C\/div\u003E\u003C\/div\u003E\u003Cdiv class=\u0022field field-name-field-video field-type-video-embed-field field-label-above\u0022\u003E\u003Cdiv class=\u0022field-label\u0022\u003EVideo:\u0026nbsp;\u003C\/div\u003E\u003Cdiv class=\u0022field-items\u0022\u003E\u003Cdiv class=\u0022field-item even\u0022\u003E\n\u003Cdiv class=\u0022embedded-video embed-responsive embed-responsive-16by9\u0022\u003E\n  \u003Cdiv class=\u0022player\u0022\u003E\n    \u003Ciframe class=\u0022\u0022 width=\u0022640\u0022 height=\u0022360\u0022 src=\u0022\/\/www.youtube.com\/embed\/gruSGkoPsAg?width%3D640%26amp%3Bheight%3D360%26amp%3Bautoplay%3D0%26amp%3Bvq%3Dlarge%26amp%3Brel%3D0%26amp%3Bcontrols%3D1%26amp%3Bautohide%3D2%26amp%3Bshowinfo%3D1%26amp%3Bmodestbranding%3D0%26amp%3Btheme%3Ddark%26amp%3Biv_load_policy%3D1%26amp%3Bwmode%3Dopaque\u0022 frameborder=\u00220\u0022 allowfullscreen\u003E\u003C\/iframe\u003E  \u003C\/div\u003E\n\u003C\/div\u003E\n\u003C\/div\u003E\u003Cdiv class=\u0022field-item odd\u0022\u003E\n\u003Cdiv class=\u0022embedded-video embed-responsive embed-responsive-16by9\u0022\u003E\n  \u003Cdiv class=\u0022player\u0022\u003E\n    \u003Ciframe class=\u0022\u0022 width=\u0022640\u0022 height=\u0022360\u0022 src=\u0022\/\/www.youtube.com\/embed\/vMmW7wS_PgI?width%3D640%26amp%3Bheight%3D360%26amp%3Bautoplay%3D0%26amp%3Bvq%3Dlarge%26amp%3Brel%3D0%26amp%3Bcontrols%3D1%26amp%3Bautohide%3D2%26amp%3Bshowinfo%3D1%26amp%3Bmodestbranding%3D0%26amp%3Btheme%3Ddark%26amp%3Biv_load_policy%3D1%26amp%3Bwmode%3Dopaque\u0022 frameborder=\u00220\u0022 allowfullscreen\u003E\u003C\/iframe\u003E  \u003C\/div\u003E\n\u003C\/div\u003E\n\u003C\/div\u003E\u003Cdiv class=\u0022field-item even\u0022\u003E\n\u003Cdiv class=\u0022embedded-video embed-responsive embed-responsive-16by9\u0022\u003E\n  \u003Cdiv class=\u0022player\u0022\u003E\n    \u003Ciframe class=\u0022\u0022 width=\u0022640\u0022 height=\u0022360\u0022 src=\u0022\/\/www.youtube.com\/embed\/YHCRlD5RtAw?width%3D640%26amp%3Bheight%3D360%26amp%3Bautoplay%3D0%26amp%3Bvq%3Dlarge%26amp%3Brel%3D0%26amp%3Bcontrols%3D1%26amp%3Bautohide%3D2%26amp%3Bshowinfo%3D1%26amp%3Bmodestbranding%3D0%26amp%3Btheme%3Ddark%26amp%3Biv_load_policy%3D1%26amp%3Bwmode%3Dopaque\u0022 frameborder=\u00220\u0022 allowfullscreen\u003E\u003C\/iframe\u003E  \u003C\/div\u003E\n\u003C\/div\u003E\n\u003C\/div\u003E\u003C\/div\u003E\u003C\/div\u003E\u003Cdiv class=\u0022social-share clearfix\u0022\u003E\u003Cul\u003E\u003Cli class=\u0022social-share-item-facebook first\u0022\u003E\u003Ca href=\u0022http:\/\/facebook.com\/sharer.php?u=https%3A%2F%2Farcade-gravenchon.com%2Fles-programmations%2Ffestival%2Fjeux%2Fles-ludiques-0\u0026amp;t=Les%20Ludiques\u0022 class=\u0022social-share-facebook\u0022 title=\u0022Partager sur Facebook\u0022 target=\u0022_blank\u0022\u003EFacebook\u003C\/a\u003E\u003C\/li\u003E\n\u003Cli class=\u0022social-share-item-googleplus\u0022\u003E\u003Ca href=\u0022https:\/\/plus.google.com\/share?url=https%3A%2F%2Farcade-gravenchon.com%2Fles-programmations%2Ffestival%2Fjeux%2Fles-ludiques-0\u0022 class=\u0022social-share-googleplus\u0022 title=\u0022Partager sur Google Plus\u0022 target=\u0022_blank\u0022\u003EGoogle Plus\u003C\/a\u003E\u003C\/li\u003E\n\u003Cli class=\u0022social-share-item-twitter last\u0022\u003E\u003Ca href=\u0022http:\/\/twitter.com\/intent\/tweet?url=https%3A%2F%2Farcade-gravenchon.com%2Fles-programmations%2Ffestival%2Fjeux%2Fles-ludiques-0\u0026amp;text=Les%20Ludiques\u0022 class=\u0022social-share-twitter\u0022 title=\u0022Partager sur Twitter\u0022 target=\u0022_blank\u0022\u003ETwitter\u003C\/a\u003E\u003C\/li\u003E\n\u003C\/ul\u003E\u003C\/div\u003E  \u003C\/div\u003E\n\n      \u003Cdiv class=\u0022link-wrapper\u0022\u003E\n      \u003Cul class=\u0022links inline\u0022\u003E\u003Cli class=\u0022node-readless first last\u0022\u003E\u003Ca href=\u0022\/more\/node\/815\/teaser\u0022 class=\u0022use-ajax\u0022\u003ERead less\u003C\/a\u003E\u003C\/li\u003E\n\u003C\/ul\u003E    \u003C\/div\u003E\n  \n  \n\u003C\/div\u003E","settings":null},{"command":"invoke","selector":"#node-815","method":"addClass","arguments":["more-load node-teaser"]},{"command":"readmore_ajax","speed":350}]