[{"command":"settings","settings":{"basePath":"\/","pathPrefix":"","ajaxPageState":{"theme":"bartik","theme_token":"JMyKp37Ao5PwqhgLSS0GZVM1VoXx7hOCDheF_cs61y0"},"colorbox":{"opacity":"0.85","current":"{current} of {total}","previous":"\u00ab Prev","next":"Next \u00bb","close":"Close","maxWidth":"98%","maxHeight":"98%","fixed":true,"mobiledetect":true,"mobiledevicewidth":"480px","specificPagesDefaultValue":"admin*\nimagebrowser*\nimg_assist*\nimce*\nnode\/add\/*\nnode\/*\/edit\nprint\/*\nprintpdf\/*\nsystem\/ajax\nsystem\/ajax\/*"},"lightbox2":{"rtl":"0","file_path":"\/(\\w\\w\/)public:\/","default_image":"\/sites\/all\/modules\/lightbox2\/images\/brokenimage.jpg","border_size":10,"font_color":"000","box_color":"fff","top_position":"","overlay_opacity":"0.8","overlay_color":"000","disable_close_click":1,"resize_sequence":0,"resize_speed":400,"fade_in_speed":400,"slide_down_speed":600,"use_alt_layout":0,"disable_resize":0,"disable_zoom":0,"force_show_nav":0,"show_caption":1,"loop_items":1,"node_link_text":"View Image Details","node_link_target":0,"image_count":"Image !current of !total","video_count":"Video !current of !total","page_count":"Page !current of !total","lite_press_x_close":"press \u003Ca href=\u0022#\u0022 onclick=\u0022hideLightbox(); return FALSE;\u0022\u003E\u003Ckbd\u003Ex\u003C\/kbd\u003E\u003C\/a\u003E to close","download_link_text":"","enable_login":true,"enable_contact":false,"keys_close":"c x 27","keys_previous":"p 37","keys_next":"n 39","keys_zoom":"z","keys_play_pause":"32","display_image_size":"original","image_node_sizes":"()","trigger_lightbox_classes":"","trigger_lightbox_group_classes":"","trigger_slideshow_classes":"","trigger_lightframe_classes":"","trigger_lightframe_group_classes":"","custom_class_handler":0,"custom_trigger_classes":"","disable_for_gallery_lists":true,"disable_for_acidfree_gallery_lists":true,"enable_acidfree_videos":true,"slideshow_interval":5000,"slideshow_automatic_start":true,"slideshow_automatic_exit":true,"show_play_pause":true,"pause_on_next_click":false,"pause_on_previous_click":true,"loop_slides":false,"iframe_width":600,"iframe_height":400,"iframe_border":1,"enable_video":1,"useragent":"Mozilla\/5.0 AppleWebKit\/537.36 (KHTML, like Gecko; compatible; ClaudeBot\/1.0; +claudebot@anthropic.com)","flvPlayer":"\/flvplayer.swf","flvFlashvars":""},"custom_search":{"form_target":"_self","solr":0}},"merge":true},{"command":"insert","method":"replaceWith","selector":"#node-754","data":"\u003Cdiv id=\u0022node-754\u0022 class=\u0022node node-evenement node-promoted clearfix\u0022\u003E\n\n        \u003Ch2\u003E\n      \u003Ca href=\u0022\/les-programmations\/spectacle\/jeune-public\/la-rescousse-du-pere-noel\u0022\u003E\u00c0 la rescousse du P\u00e8re No\u00ebl\u003C\/a\u003E\n    \u003C\/h2\u003E\n    \n      \u003Cdiv class=\u0022meta submitted\u0022\u003E\n            Soumis par \u003Cspan class=\u0022username\u0022\u003EAnonyme (non v\u00e9rifi\u00e9)\u003C\/span\u003E le mar, 11\/15\/2022 - 16:52    \u003C\/div\u003E\n  \n  \u003Cdiv class=\u0022content clearfix\u0022\u003E\n    \u003Cdiv class=\u0022field field-name-field-type-devenement field-type-taxonomy-term-reference field-label-above clearfix\u0022\u003E\u003Ch3 class=\u0022field-label\u0022\u003EType d\u0026#039;\u00e9v\u00e8nement: \u003C\/h3\u003E\u003Cul class=\u0022links\u0022\u003E\u003Cli class=\u0022taxonomy-term-reference-0\u0022\u003E\u003Cspan class=\u0022lineage-item lineage-item-level-0\u0022\u003ESpectacle\u003C\/span\u003E\u003Cspan class=\u0022hierarchical-select-item-separator\u0022\u003E\u203a\u003C\/span\u003E\u003Cspan class=\u0022lineage-item lineage-item-level-1\u0022\u003EJeune public\u003C\/span\u003E\u003C\/li\u003E\u003C\/ul\u003E\u003C\/div\u003E\u003Cdiv class=\u0022field field-name-field-image field-type-image field-label-hidden\u0022\u003E\u003Cdiv class=\u0022field-items\u0022\u003E\u003Cdiv class=\u0022field-item even\u0022\u003E\u003Cimg src=\u0022https:\/\/arcade-gravenchon.com\/sites\/default\/files\/1\/alrdpn.jpg\u0022 width=\u00222000\u0022 height=\u0022900\u0022 alt=\u0022\u0022 \/\u003E\u003C\/div\u003E\u003C\/div\u003E\u003C\/div\u003E\u003Cdiv class=\u0022field field-name-field-date-evenement field-type-datetime field-label-above\u0022\u003E\u003Cdiv class=\u0022field-label\u0022\u003EDate de l\u0026#039;\u00e9v\u00e8nement:\u0026nbsp;\u003C\/div\u003E\u003Cdiv class=\u0022field-items\u0022\u003E\u003Cdiv class=\u0022field-item even\u0022\u003E\u003Cspan class=\u0022date-display-single\u0022\u003EVendredi, d\u00e9cembre 2, 2022 - 20:00\u003C\/span\u003E\u003C\/div\u003E\u003C\/div\u003E\u003C\/div\u003E\u003Cdiv class=\u0022field field-name-field-prix field-type-text field-label-above\u0022\u003E\u003Cdiv class=\u0022field-label\u0022\u003EPrix:\u0026nbsp;\u003C\/div\u003E\u003Cdiv class=\u0022field-items\u0022\u003E\u003Cdiv class=\u0022field-item even\u0022\u003E5,00 \u20ac\u003C\/div\u003E\u003Cdiv class=\u0022field-item odd\u0022\u003ETarif unique\u003C\/div\u003E\u003C\/div\u003E\u003C\/div\u003E\u003Cdiv class=\u0022field field-name-field-reservation field-type-url field-label-above\u0022\u003E\u003Cdiv class=\u0022field-label\u0022\u003ER\u00e9servation:\u0026nbsp;\u003C\/div\u003E\u003Cdiv class=\u0022field-items\u0022\u003E\u003Cdiv class=\u0022field-item even\u0022\u003E\u003Ca href=\u0022https:\/\/bit.ly\/LeGrandSpectacle\u0022\u003ER\u00e9server\u003C\/a\u003E\u003C\/div\u003E\u003C\/div\u003E\u003C\/div\u003E\u003Cdiv class=\u0022field field-name-field-texte field-type-text-long field-label-above\u0022\u003E\u003Cdiv class=\u0022field-label\u0022\u003ETexte de pr\u00e9sentation:\u0026nbsp;\u003C\/div\u003E\u003Cdiv class=\u0022field-items\u0022\u003E\u003Cdiv class=\u0022field-item even\u0022\u003E\u003Cp\u003EDans quelques semaines, ce sera le retour du grand spectacle de fin d\u0027ann\u00e9e \u00e0 Port-J\u00e9r\u00f4me-sur-Seine\u00a0destin\u00e9 au Jeune Public et \u00e0 ceux qui le sont rest\u00e9s. L\u0027occasion parfaite pour se retrouver tous ensemble avant le Festival Les Ludiques et les festivit\u00e9s de No\u00ebl.\u003Cbr \/\u003E\nLe 2 d\u00e9cembre prochain \u00e0 20h00, Arts Diffusion posera ses valises \u00e0 Notre-Dame-de-Gravenchon.\u003C\/p\u003E\n\u003Cp\u003EVos h\u00e9ros favoris auront pour grande mission de venir \u00e0 la rescousse du P\u00e8re No\u00ebl. Y arriveront-ils ?\u003Cbr \/\u003E\nMickey, Minnie, La Reine des Neiges, Les Minions, Dora l\u0027Exploratrice ou encore Harry Potter... tous seront pr\u00e9sents au centre culturel des 3 Colombiers\u00a0pour chanter et danser avec vous !\u003C\/p\u003E\n\u003C\/div\u003E\u003C\/div\u003E\u003C\/div\u003E\u003Cdiv class=\u0022field field-name-field-images-gallerie field-type-image field-label-above\u0022\u003E\u003Cdiv class=\u0022field-label\u0022\u003EImages Gallerie:\u0026nbsp;\u003C\/div\u003E\u003Cdiv class=\u0022field-items\u0022\u003E\u003Cdiv class=\u0022field-item even\u0022\u003E\u003Cimg src=\u0022https:\/\/arcade-gravenchon.com\/sites\/default\/files\/image0.png\u0022 width=\u00221083\u0022 height=\u0022607\u0022 alt=\u0022\u0022 \/\u003E\u003C\/div\u003E\u003Cdiv class=\u0022field-item odd\u0022\u003E\u003Cimg src=\u0022https:\/\/arcade-gravenchon.com\/sites\/default\/files\/image2.png\u0022 width=\u0022977\u0022 height=\u0022558\u0022 alt=\u0022\u0022 \/\u003E\u003C\/div\u003E\u003Cdiv class=\u0022field-item even\u0022\u003E\u003Cimg src=\u0022https:\/\/arcade-gravenchon.com\/sites\/default\/files\/image1.png\u0022 width=\u00221196\u0022 height=\u0022629\u0022 alt=\u0022\u0022 \/\u003E\u003C\/div\u003E\u003C\/div\u003E\u003C\/div\u003E\u003Cdiv class=\u0022social-share clearfix\u0022\u003E\u003Cul\u003E\u003Cli class=\u0022social-share-item-facebook first\u0022\u003E\u003Ca href=\u0022http:\/\/facebook.com\/sharer.php?u=https%3A%2F%2Farcade-gravenchon.com%2Fles-programmations%2Fspectacle%2Fjeune-public%2Fla-rescousse-du-pere-noel\u0026amp;t=%C3%80%20la%20rescousse%20du%20P%C3%A8re%20No%C3%ABl\u0022 class=\u0022social-share-facebook\u0022 title=\u0022Partager sur Facebook\u0022 target=\u0022_blank\u0022\u003EFacebook\u003C\/a\u003E\u003C\/li\u003E\n\u003Cli class=\u0022social-share-item-googleplus\u0022\u003E\u003Ca href=\u0022https:\/\/plus.google.com\/share?url=https%3A%2F%2Farcade-gravenchon.com%2Fles-programmations%2Fspectacle%2Fjeune-public%2Fla-rescousse-du-pere-noel\u0022 class=\u0022social-share-googleplus\u0022 title=\u0022Partager sur Google Plus\u0022 target=\u0022_blank\u0022\u003EGoogle Plus\u003C\/a\u003E\u003C\/li\u003E\n\u003Cli class=\u0022social-share-item-twitter last\u0022\u003E\u003Ca href=\u0022http:\/\/twitter.com\/intent\/tweet?url=https%3A%2F%2Farcade-gravenchon.com%2Fles-programmations%2Fspectacle%2Fjeune-public%2Fla-rescousse-du-pere-noel\u0026amp;text=%C3%80%20la%20rescousse%20du%20P%C3%A8re%20No%C3%ABl\u0022 class=\u0022social-share-twitter\u0022 title=\u0022Partager sur Twitter\u0022 target=\u0022_blank\u0022\u003ETwitter\u003C\/a\u003E\u003C\/li\u003E\n\u003C\/ul\u003E\u003C\/div\u003E  \u003C\/div\u003E\n\n      \u003Cdiv class=\u0022link-wrapper\u0022\u003E\n      \u003Cul class=\u0022links inline\u0022\u003E\u003Cli class=\u0022node-readless first last\u0022\u003E\u003Ca href=\u0022\/more\/node\/754\/teaser\u0022 class=\u0022use-ajax\u0022\u003ERead less\u003C\/a\u003E\u003C\/li\u003E\n\u003C\/ul\u003E    \u003C\/div\u003E\n  \n  \n\u003C\/div\u003E","settings":null},{"command":"invoke","selector":"#node-754","method":"addClass","arguments":["more-load node-teaser"]},{"command":"readmore_ajax","speed":350}]