[{"command":"settings","settings":{"basePath":"\/","pathPrefix":"","ajaxPageState":{"theme":"bartik","theme_token":"kd-5J-1zMZcfm1BLiyYAxyh0HtSv48405zIVJH8WlsY"},"colorbox":{"opacity":"0.85","current":"{current} of {total}","previous":"\u00ab Prev","next":"Next \u00bb","close":"Close","maxWidth":"98%","maxHeight":"98%","fixed":true,"mobiledetect":true,"mobiledevicewidth":"480px","specificPagesDefaultValue":"admin*\nimagebrowser*\nimg_assist*\nimce*\nnode\/add\/*\nnode\/*\/edit\nprint\/*\nprintpdf\/*\nsystem\/ajax\nsystem\/ajax\/*"},"lightbox2":{"rtl":"0","file_path":"\/(\\w\\w\/)public:\/","default_image":"\/sites\/all\/modules\/lightbox2\/images\/brokenimage.jpg","border_size":10,"font_color":"000","box_color":"fff","top_position":"","overlay_opacity":"0.8","overlay_color":"000","disable_close_click":1,"resize_sequence":0,"resize_speed":400,"fade_in_speed":400,"slide_down_speed":600,"use_alt_layout":0,"disable_resize":0,"disable_zoom":0,"force_show_nav":0,"show_caption":1,"loop_items":1,"node_link_text":"View Image Details","node_link_target":0,"image_count":"Image !current of !total","video_count":"Video !current of !total","page_count":"Page !current of !total","lite_press_x_close":"press \u003Ca href=\u0022#\u0022 onclick=\u0022hideLightbox(); return FALSE;\u0022\u003E\u003Ckbd\u003Ex\u003C\/kbd\u003E\u003C\/a\u003E to close","download_link_text":"","enable_login":true,"enable_contact":false,"keys_close":"c x 27","keys_previous":"p 37","keys_next":"n 39","keys_zoom":"z","keys_play_pause":"32","display_image_size":"original","image_node_sizes":"()","trigger_lightbox_classes":"","trigger_lightbox_group_classes":"","trigger_slideshow_classes":"","trigger_lightframe_classes":"","trigger_lightframe_group_classes":"","custom_class_handler":0,"custom_trigger_classes":"","disable_for_gallery_lists":true,"disable_for_acidfree_gallery_lists":true,"enable_acidfree_videos":true,"slideshow_interval":5000,"slideshow_automatic_start":true,"slideshow_automatic_exit":true,"show_play_pause":true,"pause_on_next_click":false,"pause_on_previous_click":true,"loop_slides":false,"iframe_width":600,"iframe_height":400,"iframe_border":1,"enable_video":1,"useragent":"Mozilla\/5.0 AppleWebKit\/537.36 (KHTML, like Gecko; compatible; ClaudeBot\/1.0; +claudebot@anthropic.com)","flvPlayer":"\/flvplayer.swf","flvFlashvars":""},"custom_search":{"form_target":"_self","solr":0}},"merge":true},{"command":"insert","method":"replaceWith","selector":"#node-749","data":"\u003Cdiv id=\u0022node-749\u0022 class=\u0022node node-evenement node-promoted clearfix\u0022\u003E\n\n        \u003Ch2\u003E\n      \u003Ca href=\u0022\/les-programmations\/spectacle\/les-faceties-de-jeremy\u0022\u003ELes Fac\u00e9ties de J\u00e9r\u00e9my\u003C\/a\u003E\n    \u003C\/h2\u003E\n    \n      \u003Cdiv class=\u0022meta submitted\u0022\u003E\n            Soumis par \u003Cspan class=\u0022username\u0022\u003EAnonyme (non v\u00e9rifi\u00e9)\u003C\/span\u003E le mar, 09\/27\/2022 - 11:19    \u003C\/div\u003E\n  \n  \u003Cdiv class=\u0022content clearfix\u0022\u003E\n    \u003Cdiv class=\u0022field field-name-field-type-devenement field-type-taxonomy-term-reference field-label-above clearfix\u0022\u003E\u003Ch3 class=\u0022field-label\u0022\u003EType d\u0026#039;\u00e9v\u00e8nement: \u003C\/h3\u003E\u003Cul class=\u0022links\u0022\u003E\u003Cli class=\u0022taxonomy-term-reference-0\u0022\u003E\u003Cspan class=\u0022lineage-item lineage-item-level-0\u0022\u003ESpectacle\u003C\/span\u003E\u003C\/li\u003E\u003C\/ul\u003E\u003C\/div\u003E\u003Cdiv class=\u0022field field-name-field-image field-type-image field-label-hidden\u0022\u003E\u003Cdiv class=\u0022field-items\u0022\u003E\u003Cdiv class=\u0022field-item even\u0022\u003E\u003Cimg src=\u0022https:\/\/arcade-gravenchon.com\/sites\/default\/files\/1\/musical20face1-fi9094457x2000.jpg\u0022 width=\u00221112\u0022 height=\u0022843\u0022 alt=\u0022\u0022 \/\u003E\u003C\/div\u003E\u003C\/div\u003E\u003C\/div\u003E\u003Cdiv class=\u0022field field-name-field-date-evenement field-type-datetime field-label-above\u0022\u003E\u003Cdiv class=\u0022field-label\u0022\u003EDate de l\u0026#039;\u00e9v\u00e8nement:\u0026nbsp;\u003C\/div\u003E\u003Cdiv class=\u0022field-items\u0022\u003E\u003Cdiv class=\u0022field-item even\u0022\u003E\u003Cspan class=\u0022date-display-single\u0022\u003EMercredi, octobre 26, 2022 - 15:00\u003C\/span\u003E\u003C\/div\u003E\u003C\/div\u003E\u003C\/div\u003E\u003Cdiv class=\u0022field field-name-field-prix field-type-text field-label-above\u0022\u003E\u003Cdiv class=\u0022field-label\u0022\u003EPrix:\u0026nbsp;\u003C\/div\u003E\u003Cdiv class=\u0022field-items\u0022\u003E\u003Cdiv class=\u0022field-item even\u0022\u003E5,00 \u20ac\u003C\/div\u003E\u003Cdiv class=\u0022field-item odd\u0022\u003EAccueil de l\u0026#039;A.R.C.A.D.E.\u003C\/div\u003E\u003Cdiv class=\u0022field-item even\u0022\u003E6,60 \u20ac\u003C\/div\u003E\u003Cdiv class=\u0022field-item odd\u0022\u003EBilletterie en ligne\u003C\/div\u003E\u003C\/div\u003E\u003C\/div\u003E\u003Cdiv class=\u0022field field-name-field-reservation field-type-url field-label-above\u0022\u003E\u003Cdiv class=\u0022field-label\u0022\u003ER\u00e9servation:\u0026nbsp;\u003C\/div\u003E\u003Cdiv class=\u0022field-items\u0022\u003E\u003Cdiv class=\u0022field-item even\u0022\u003E\u003Ca href=\u0022https:\/\/www.seetickets.com\/fr\/d\/event\/les-faceties-de-jeremy\/a-r-c-a-d-e-\/9175175\u0022\u003EAcheter\u003C\/a\u003E\u003C\/div\u003E\u003C\/div\u003E\u003C\/div\u003E\u003Cdiv class=\u0022field field-name-field-texte field-type-text-long field-label-above\u0022\u003E\u003Cdiv class=\u0022field-label\u0022\u003ETexte de pr\u00e9sentation:\u0026nbsp;\u003C\/div\u003E\u003Cdiv class=\u0022field-items\u0022\u003E\u003Cdiv class=\u0022field-item even\u0022\u003E\u003Cp\u003ELes Fac\u00e9ties de J\u00e9r\u00e9my L\u0027Artiste, Un spectacle haut en couleur, \u00e0 partir de 3 ans.\u003Cbr \/\u003E\nJ\u00e9r\u00e9my r\u00e9gale ses p\u0027tits amis avec toutes ses dr\u00f4leries ! La Musique, le jonglage et la com\u00e9die\u003Cbr \/\u003E\ns\u0027encha\u00eenent avec une \u00e9nergie sans faille.\u003Cbr \/\u003E\nAlors accordez vos oreilles aux m\u00e9lodies rythm\u00e9es des trompettes, grelots, bouteilles en folie,\u003Cbr \/\u003E\npartagez un moment po\u00e9tique \u00e0 la scie musicale...\u003Cbr \/\u003E\nOuvrez-grand vos yeux et frappez dans vos mains pendant la jonglerie lumineuse !\u003Cbr \/\u003E\nMontez sur sc\u00e8ne et riez avec les pitreries de J\u00e9r\u00e9my.\u003C\/p\u003E\n\u003C\/div\u003E\u003C\/div\u003E\u003C\/div\u003E\u003Cdiv class=\u0022social-share clearfix\u0022\u003E\u003Cul\u003E\u003Cli class=\u0022social-share-item-facebook first\u0022\u003E\u003Ca href=\u0022http:\/\/facebook.com\/sharer.php?u=https%3A%2F%2Farcade-gravenchon.com%2Fles-programmations%2Fspectacle%2Fles-faceties-de-jeremy\u0026amp;t=Les%20Fac%C3%A9ties%20de%20J%C3%A9r%C3%A9my\u0022 class=\u0022social-share-facebook\u0022 title=\u0022Partager sur Facebook\u0022 target=\u0022_blank\u0022\u003EFacebook\u003C\/a\u003E\u003C\/li\u003E\n\u003Cli class=\u0022social-share-item-googleplus\u0022\u003E\u003Ca href=\u0022https:\/\/plus.google.com\/share?url=https%3A%2F%2Farcade-gravenchon.com%2Fles-programmations%2Fspectacle%2Fles-faceties-de-jeremy\u0022 class=\u0022social-share-googleplus\u0022 title=\u0022Partager sur Google Plus\u0022 target=\u0022_blank\u0022\u003EGoogle Plus\u003C\/a\u003E\u003C\/li\u003E\n\u003Cli class=\u0022social-share-item-twitter last\u0022\u003E\u003Ca href=\u0022http:\/\/twitter.com\/intent\/tweet?url=https%3A%2F%2Farcade-gravenchon.com%2Fles-programmations%2Fspectacle%2Fles-faceties-de-jeremy\u0026amp;text=Les%20Fac%C3%A9ties%20de%20J%C3%A9r%C3%A9my\u0022 class=\u0022social-share-twitter\u0022 title=\u0022Partager sur Twitter\u0022 target=\u0022_blank\u0022\u003ETwitter\u003C\/a\u003E\u003C\/li\u003E\n\u003C\/ul\u003E\u003C\/div\u003E  \u003C\/div\u003E\n\n      \u003Cdiv class=\u0022link-wrapper\u0022\u003E\n      \u003Cul class=\u0022links inline\u0022\u003E\u003Cli class=\u0022node-readless first last\u0022\u003E\u003Ca href=\u0022\/more\/node\/749\/teaser\u0022 class=\u0022use-ajax\u0022\u003ERead less\u003C\/a\u003E\u003C\/li\u003E\n\u003C\/ul\u003E    \u003C\/div\u003E\n  \n  \n\u003C\/div\u003E","settings":null},{"command":"invoke","selector":"#node-749","method":"addClass","arguments":["more-load node-teaser"]},{"command":"readmore_ajax","speed":350}]